{"id":60,"date":"2021-08-09T16:05:00","date_gmt":"2021-08-09T14:05:00","guid":{"rendered":"http:\/\/www.stadtbuecherei-glinde.de\/?p=60"},"modified":"2022-11-22T22:18:23","modified_gmt":"2022-11-22T21:18:23","slug":"lesezeichen-sommerlesung","status":"publish","type":"post","link":"https:\/\/www.stadtbuecherei-glinde.de\/index.php\/2021\/08\/09\/lesezeichen-sommerlesung\/","title":{"rendered":"LeseZeichen Sommerlesung 2021 &#8211; Endlich wieder LIVE vor Ort!"},"content":{"rendered":"\n<p>Am <strong>Donnerstag, 12. August 2021<\/strong> ist es endlich wieder so weit:<\/p>\n\n\n\n<p>Lassen Sie sich in die Welt der B\u00fccher entf\u00fchren! Wir stellen Ihnen unsere ausgew\u00e4hlten Neuerwerbungen aus der Belletristik vor.<\/p>\n\n\n\n<p>B\u00fcchereileiterin Anja Kairies freut sich auf die <strong>&#8222;<a href=\"https:\/\/www.stadtbuecherei-glinde.de\/index.php\/lesezeichen\/\">LeseZeichen<\/a>&#8220; <\/strong>von und mit Dr. Marlies Lehmann und Karl-Heinz Klemann.<\/p>\n\n\n\n<div class=\"wp-block-image\"><figure class=\"aligncenter size-large\"><img loading=\"lazy\" decoding=\"async\" width=\"559\" height=\"197\" src=\"https:\/\/www.stadtbuecherei-glinde.de\/wp-content\/uploads\/2021\/08\/lesezeichen-sommer.012.jpg\" alt=\"LeseZeichen Sommerlesung 2021 - Lesezeichen\" class=\"wp-image-204\" srcset=\"https:\/\/www.stadtbuecherei-glinde.de\/wp-content\/uploads\/2021\/08\/lesezeichen-sommer.012.jpg 559w, https:\/\/www.stadtbuecherei-glinde.de\/wp-content\/uploads\/2021\/08\/lesezeichen-sommer.012-300x106.jpg 300w\" sizes=\"auto, (max-width: 559px) 100vw, 559px\" \/><\/figure><\/div>\n\n\n\n<p>F\u00fcr diese Veranstaltung gelten dieselben <strong>Zugangsregeln<\/strong> wie bei einem normalen B\u00fcchereibesuch: Kontaktdatenerhebung, Abstandsgebot, Maskenpflicht (au\u00dfer am Sitzplatz).<\/p>\n\n\n\n<p><strong>Der Eintritt ist wie immer frei!<\/strong><\/p>\n\n\n\n<p><a href=\"https:\/\/www.stadtbuecherei-glinde.de\/wp-content\/uploads\/2022\/11\/glinder_zeitung__11.08.21._sommerlesung_in_der_buecherei.pdf\" target=\"_blank\" rel=\"noreferrer noopener\">Sommerlesung in der B\u00fccherei<\/a><br>Glinder Zeitung, 11.08.2021<\/p>\n","protected":false},"excerpt":{"rendered":"<p>Am Donnerstag, 12. August 2021 ist es endlich wieder so weit: Lassen Sie sich in<\/p>\n","protected":false},"author":2,"featured_media":198,"comment_status":"closed","ping_status":"open","sticky":false,"template":"","format":"standard","meta":{"footnotes":""},"categories":[6,3],"tags":[],"class_list":["post-60","post","type-post","status-publish","format-standard","has-post-thumbnail","hentry","category-erwachsene","category-veranstaltungen"],"_links":{"self":[{"href":"https:\/\/www.stadtbuecherei-glinde.de\/index.php\/wp-json\/wp\/v2\/posts\/60","targetHints":{"allow":["GET"]}}],"collection":[{"href":"https:\/\/www.stadtbuecherei-glinde.de\/index.php\/wp-json\/wp\/v2\/posts"}],"about":[{"href":"https:\/\/www.stadtbuecherei-glinde.de\/index.php\/wp-json\/wp\/v2\/types\/post"}],"author":[{"embeddable":true,"href":"https:\/\/www.stadtbuecherei-glinde.de\/index.php\/wp-json\/wp\/v2\/users\/2"}],"replies":[{"embeddable":true,"href":"https:\/\/www.stadtbuecherei-glinde.de\/index.php\/wp-json\/wp\/v2\/comments?post=60"}],"version-history":[{"count":19,"href":"https:\/\/www.stadtbuecherei-glinde.de\/index.php\/wp-json\/wp\/v2\/posts\/60\/revisions"}],"predecessor-version":[{"id":1103,"href":"https:\/\/www.stadtbuecherei-glinde.de\/index.php\/wp-json\/wp\/v2\/posts\/60\/revisions\/1103"}],"wp:featuredmedia":[{"embeddable":true,"href":"https:\/\/www.stadtbuecherei-glinde.de\/index.php\/wp-json\/wp\/v2\/media\/198"}],"wp:attachment":[{"href":"https:\/\/www.stadtbuecherei-glinde.de\/index.php\/wp-json\/wp\/v2\/media?parent=60"}],"wp:term":[{"taxonomy":"category","embeddable":true,"href":"https:\/\/www.stadtbuecherei-glinde.de\/index.php\/wp-json\/wp\/v2\/categories?post=60"},{"taxonomy":"post_tag","embeddable":true,"href":"https:\/\/www.stadtbuecherei-glinde.de\/index.php\/wp-json\/wp\/v2\/tags?post=60"}],"curies":[{"name":"wp","href":"https:\/\/api.w.org\/{rel}","templated":true}]}}